{"id":1122,"date":"2014-09-22T10:07:11","date_gmt":"2014-09-22T09:07:11","guid":{"rendered":"http:\/\/lana-savettiere.com\/?p=1122"},"modified":"2014-09-22T10:07:11","modified_gmt":"2014-09-22T09:07:11","slug":"pivot-table","status":"publish","type":"post","link":"http:\/\/lana-savettiere.com\/?p=1122","title":{"rendered":"Pivot | Table"},"content":{"rendered":"<p class=\"font_8\"><img loading=\"lazy\" decoding=\"async\" class=\"alignnone wp-image-1126\" src=\"http:\/\/lana-savettiere.com\/wordpress\/wp-content\/uploads\/2014\/09\/LS_PIVOT_04.jpg\" alt=\"LS_PIVOT_04\" width=\"833\" height=\"468\" srcset=\"http:\/\/lana-savettiere.com\/wordpress\/wp-content\/uploads\/2014\/09\/LS_PIVOT_04.jpg 980w, http:\/\/lana-savettiere.com\/wordpress\/wp-content\/uploads\/2014\/09\/LS_PIVOT_04-300x168.jpg 300w, http:\/\/lana-savettiere.com\/wordpress\/wp-content\/uploads\/2014\/09\/LS_PIVOT_04-785x441.jpg 785w\" sizes=\"auto, (max-width: 833px) 100vw, 833px\" \/>Progetto presentato in collaborazione con <strong>Matteo Congiu<\/strong>\u00a0architetti al concorso <strong>FSC design competition<\/strong>.<\/p>\n<p class=\"font_8\">\u00a0Il tavolo <strong>PIVOT (Perno)<\/strong> incarna nella sua semplicit\u00e0 un concetto basilare della socialit\u00e0 e della condivisione: <strong>\u201caggiungi un posto a tavola\u201d<\/strong>. Nella societ\u00e0 che ci circonda, con i ritmi frenetici e le relazioni sempre pi\u00f9 mediate da mezzi tecnologici, il ritrovarsi intorno ad un tavolo per condividere con amici e parenti un buon pasto \u00e8 rimasto uno dei pochi baluardi dell&#8217;aggregazione. Sfruttando le caratteristiche di versatilit\u00e0 e lavorabilit\u00e0 del legno, il tavolo, affronta il problema di aumentare lo spazio intorno al tavolo esplorando una soluzione innovativa: il piano nella sua parte centrale \u00e8 composto da due strati di listelli uniti da perni in tre punti facendo in modo che, tirando dai due lati sia possibile allungare il tavolo senza bisogno di aggiungere altri elementi. Gli estremi del piano sono fissati alla struttura per mezzo di staffe metalliche, inoltre un tenone triangolare ricavato nelle gambe si incastra in mortase passanti nel piano, creando sia un incastro meccanico sia un elemento decorativo.<\/p>\n<p class=\"font_8\"><a href=\"http:\/\/lana-savettiere.com\/wordpress\/wp-content\/uploads\/2014\/09\/LS_PIVOT_06.jpg\"><img loading=\"lazy\" decoding=\"async\" class=\"alignnone size-full wp-image-1128\" src=\"http:\/\/lana-savettiere.com\/wordpress\/wp-content\/uploads\/2014\/09\/LS_PIVOT_06.jpg\" alt=\"LS_PIVOT_06\" width=\"643\" height=\"401\" srcset=\"http:\/\/lana-savettiere.com\/wordpress\/wp-content\/uploads\/2014\/09\/LS_PIVOT_06.jpg 643w, http:\/\/lana-savettiere.com\/wordpress\/wp-content\/uploads\/2014\/09\/LS_PIVOT_06-300x187.jpg 300w\" sizes=\"auto, (max-width: 643px) 100vw, 643px\" \/><\/a> <a href=\"http:\/\/lana-savettiere.com\/wordpress\/wp-content\/uploads\/2014\/09\/LS_PIVOT_05.jpg\"><img loading=\"lazy\" decoding=\"async\" class=\"alignnone size-full wp-image-1127\" src=\"http:\/\/lana-savettiere.com\/wordpress\/wp-content\/uploads\/2014\/09\/LS_PIVOT_05.jpg\" alt=\"LS_PIVOT_05\" width=\"436\" height=\"328\" srcset=\"http:\/\/lana-savettiere.com\/wordpress\/wp-content\/uploads\/2014\/09\/LS_PIVOT_05.jpg 436w, http:\/\/lana-savettiere.com\/wordpress\/wp-content\/uploads\/2014\/09\/LS_PIVOT_05-300x225.jpg 300w\" sizes=\"auto, (max-width: 436px) 100vw, 436px\" \/><\/a> <a href=\"http:\/\/lana-savettiere.com\/wordpress\/wp-content\/uploads\/2014\/09\/LS_PIVOT_03.png\"><img loading=\"lazy\" decoding=\"async\" class=\"alignnone size-full wp-image-1125\" src=\"http:\/\/lana-savettiere.com\/wordpress\/wp-content\/uploads\/2014\/09\/LS_PIVOT_03.png\" alt=\"LS_PIVOT_03\" width=\"530\" height=\"337\" srcset=\"http:\/\/lana-savettiere.com\/wordpress\/wp-content\/uploads\/2014\/09\/LS_PIVOT_03.png 530w, http:\/\/lana-savettiere.com\/wordpress\/wp-content\/uploads\/2014\/09\/LS_PIVOT_03-300x190.png 300w\" sizes=\"auto, (max-width: 530px) 100vw, 530px\" \/><\/a> <a href=\"http:\/\/lana-savettiere.com\/wordpress\/wp-content\/uploads\/2014\/09\/LS_PIVOT_02.jpg\"><img loading=\"lazy\" decoding=\"async\" class=\"alignnone size-full wp-image-1124\" src=\"http:\/\/lana-savettiere.com\/wordpress\/wp-content\/uploads\/2014\/09\/LS_PIVOT_02.jpg\" alt=\"LS_PIVOT_02\" width=\"968\" height=\"363\" srcset=\"http:\/\/lana-savettiere.com\/wordpress\/wp-content\/uploads\/2014\/09\/LS_PIVOT_02.jpg 968w, http:\/\/lana-savettiere.com\/wordpress\/wp-content\/uploads\/2014\/09\/LS_PIVOT_02-300x112.jpg 300w, http:\/\/lana-savettiere.com\/wordpress\/wp-content\/uploads\/2014\/09\/LS_PIVOT_02-785x294.jpg 785w\" sizes=\"auto, (max-width: 968px) 100vw, 968px\" \/><\/a> <a href=\"http:\/\/lana-savettiere.com\/wordpress\/wp-content\/uploads\/2014\/09\/LS_PIVOT_01.jpg\"><img loading=\"lazy\" decoding=\"async\" class=\"alignnone size-full wp-image-1123\" src=\"http:\/\/lana-savettiere.com\/wordpress\/wp-content\/uploads\/2014\/09\/LS_PIVOT_01.jpg\" alt=\"LS_PIVOT_01\" width=\"974\" height=\"463\" srcset=\"http:\/\/lana-savettiere.com\/wordpress\/wp-content\/uploads\/2014\/09\/LS_PIVOT_01.jpg 974w, http:\/\/lana-savettiere.com\/wordpress\/wp-content\/uploads\/2014\/09\/LS_PIVOT_01-300x142.jpg 300w, http:\/\/lana-savettiere.com\/wordpress\/wp-content\/uploads\/2014\/09\/LS_PIVOT_01-785x373.jpg 785w\" sizes=\"auto, (max-width: 974px) 100vw, 974px\" \/><\/a><\/p>\n","protected":false},"excerpt":{"rendered":"<p>Progetto presentato in collaborazione con Matteo Congiu\u00a0architetti al concorso FSC design competition. \u00a0Il tavolo PIVOT (Perno) incarna nella sua semplicit\u00e0 un concetto basilare della socialit\u00e0 e della condivisione: \u201caggiungi un posto a tavola\u201d. Nella societ\u00e0 che ci circonda, con i ritmi frenetici e le relazioni sempre pi\u00f9 mediate da mezzi tecnologici, il ritrovarsi intorno ad un tavolo per condividere con amici e parenti un buon pasto \u00e8 rimasto uno dei pochi baluardi dell&#8217;aggregazione. Sfruttando le caratteristiche di versatilit\u00e0 e lavorabilit\u00e0 del legno, il tavolo, affronta il problema di aumentare lo spazio intorno al tavolo esplorando una soluzione innovativa: il piano nella sua parte centrale \u00e8 composto da due strati di [&hellip;]<\/p>\n","protected":false},"author":1,"featured_media":1126,"comment_status":"open","ping_status":"open","sticky":false,"template":"","format":"standard","meta":{"footnotes":""},"categories":[19,6],"tags":[67,187,42,279,280,71,75,271,277,130,72,273,26],"class_list":["post-1122","post","type-post","status-publish","format-standard","has-post-thumbnail","hentry","category-portfolio","category-product-design","tag-concept","tag-concorso","tag-design","tag-estensibile","tag-fsc","tag-lana","tag-lanasavettiere","tag-legno","tag-matteo-congiu","tag-progetto","tag-savettiere","tag-tavolo","tag-torino"],"_links":{"self":[{"href":"http:\/\/lana-savettiere.com\/index.php?rest_route=\/wp\/v2\/posts\/1122","targetHints":{"allow":["GET"]}}],"collection":[{"href":"http:\/\/lana-savettiere.com\/index.php?rest_route=\/wp\/v2\/posts"}],"about":[{"href":"http:\/\/lana-savettiere.com\/index.php?rest_route=\/wp\/v2\/types\/post"}],"author":[{"embeddable":true,"href":"http:\/\/lana-savettiere.com\/index.php?rest_route=\/wp\/v2\/users\/1"}],"replies":[{"embeddable":true,"href":"http:\/\/lana-savettiere.com\/index.php?rest_route=%2Fwp%2Fv2%2Fcomments&post=1122"}],"version-history":[{"count":2,"href":"http:\/\/lana-savettiere.com\/index.php?rest_route=\/wp\/v2\/posts\/1122\/revisions"}],"predecessor-version":[{"id":1501,"href":"http:\/\/lana-savettiere.com\/index.php?rest_route=\/wp\/v2\/posts\/1122\/revisions\/1501"}],"wp:featuredmedia":[{"embeddable":true,"href":"http:\/\/lana-savettiere.com\/index.php?rest_route=\/wp\/v2\/media\/1126"}],"wp:attachment":[{"href":"http:\/\/lana-savettiere.com\/index.php?rest_route=%2Fwp%2Fv2%2Fmedia&parent=1122"}],"wp:term":[{"taxonomy":"category","embeddable":true,"href":"http:\/\/lana-savettiere.com\/index.php?rest_route=%2Fwp%2Fv2%2Fcategories&post=1122"},{"taxonomy":"post_tag","embeddable":true,"href":"http:\/\/lana-savettiere.com\/index.php?rest_route=%2Fwp%2Fv2%2Ftags&post=1122"}],"curies":[{"name":"wp","href":"https:\/\/api.w.org\/{rel}","templated":true}]}}