{"id":304,"date":"2011-02-28T12:03:05","date_gmt":"2011-02-28T11:03:05","guid":{"rendered":"http:\/\/lana-savettiere.com\/wordpress\/?p=304"},"modified":"2014-04-01T10:17:13","modified_gmt":"2014-04-01T09:17:13","slug":"day-off","status":"publish","type":"post","link":"http:\/\/lana-savettiere.com\/?p=304","title":{"rendered":"Day Off"},"content":{"rendered":"<p>desig_<strong>Arch. Marco Lana<\/strong><br \/>\n<strong>prototipo<\/strong><br \/>\nanno_<strong>2010<\/strong><br \/>\nDay Off \u00e8 una seduta\/tavolino in materiale plastico colorato pensata per un utilizzo sia in esterni che in interni. Per il suo design fortemente caratteristico \u00e8 adatta a spazi informali dedicati all&#8217;accoglienza, vernissages ed eventi all&#8217;aperto, ma \u00e8 studiata anche per arredare lo spazio segreto di un giardino ed attrezzare l&#8217;intimit\u00e0 di una terrazza.<br \/>\nLe dimensioni e la forma di Day Off invitano ad un utilizzo anche da parte di pi\u00f9 persone, mentre la possibilit\u00e0 di essere illuminata (l\u2019inserto centrale in plexiglas opalino pu\u00f2 essere retroilluminato) rende Day Off adatta anche ad occasioni serali.<br \/>\nLa forma prende spunto dall\u2019icona ON\/OFF presente su elettrodomestici e apparecchi elettronici, comunicando l\u2019idea di voler schiacciare il tasto OFF su una giornata faticosa e rilassarsi schiacciando il tasto ON su una serata in un locale o nel proprio spazio preferito.<br \/>\nIl progetto \u00e8 stato presentato al 27\u00b0 SUN, salone Internazionale dell&#8217;esterno, come vincitore del concorso \u201cSUN.LAB 2009 for a Creative outdoor\u201d, ed \u00e8 stato presentato inoltre al 100%design London 2009, sezione 100%Future.<\/p>\n<p><a href=\"http:\/\/lana-savettiere.com\/wordpress\/wp-content\/uploads\/2014\/02\/day_off4.jpg\"><img loading=\"lazy\" decoding=\"async\" class=\"alignnone size-full wp-image-305\" alt=\"day_off4\" src=\"http:\/\/lana-savettiere.com\/wordpress\/wp-content\/uploads\/2014\/02\/day_off4.jpg\" width=\"500\" height=\"393\" srcset=\"http:\/\/lana-savettiere.com\/wordpress\/wp-content\/uploads\/2014\/02\/day_off4.jpg 500w, http:\/\/lana-savettiere.com\/wordpress\/wp-content\/uploads\/2014\/02\/day_off4-300x235.jpg 300w\" sizes=\"auto, (max-width: 500px) 100vw, 500px\" \/><\/a><\/p>\n","protected":false},"excerpt":{"rendered":"<p>desig_Arch. Marco Lana prototipo anno_2010 Day Off \u00e8 una seduta\/tavolino in materiale plastico colorato pensata per un utilizzo sia in esterni che in interni. Per il suo design fortemente caratteristico \u00e8 adatta a spazi informali dedicati all&#8217;accoglienza, vernissages ed eventi all&#8217;aperto, ma \u00e8 studiata anche per arredare lo spazio segreto di un giardino ed attrezzare l&#8217;intimit\u00e0 di una terrazza. Le dimensioni e la forma di Day Off invitano ad un utilizzo anche da parte di pi\u00f9 persone, mentre la possibilit\u00e0 di essere illuminata (l\u2019inserto centrale in plexiglas opalino pu\u00f2 essere retroilluminato) rende Day Off adatta anche ad occasioni serali. La forma prende spunto dall\u2019icona ON\/OFF presente su elettrodomestici e apparecchi [&hellip;]<\/p>\n","protected":false},"author":1,"featured_media":305,"comment_status":"open","ping_status":"open","sticky":false,"template":"","format":"standard","meta":{"footnotes":""},"categories":[19,6],"tags":[42,31,33,26],"class_list":["post-304","post","type-post","status-publish","format-standard","has-post-thumbnail","hentry","category-portfolio","category-product-design","tag-design","tag-panca","tag-seduta","tag-torino"],"_links":{"self":[{"href":"http:\/\/lana-savettiere.com\/index.php?rest_route=\/wp\/v2\/posts\/304","targetHints":{"allow":["GET"]}}],"collection":[{"href":"http:\/\/lana-savettiere.com\/index.php?rest_route=\/wp\/v2\/posts"}],"about":[{"href":"http:\/\/lana-savettiere.com\/index.php?rest_route=\/wp\/v2\/types\/post"}],"author":[{"embeddable":true,"href":"http:\/\/lana-savettiere.com\/index.php?rest_route=\/wp\/v2\/users\/1"}],"replies":[{"embeddable":true,"href":"http:\/\/lana-savettiere.com\/index.php?rest_route=%2Fwp%2Fv2%2Fcomments&post=304"}],"version-history":[{"count":1,"href":"http:\/\/lana-savettiere.com\/index.php?rest_route=\/wp\/v2\/posts\/304\/revisions"}],"predecessor-version":[{"id":306,"href":"http:\/\/lana-savettiere.com\/index.php?rest_route=\/wp\/v2\/posts\/304\/revisions\/306"}],"wp:featuredmedia":[{"embeddable":true,"href":"http:\/\/lana-savettiere.com\/index.php?rest_route=\/wp\/v2\/media\/305"}],"wp:attachment":[{"href":"http:\/\/lana-savettiere.com\/index.php?rest_route=%2Fwp%2Fv2%2Fmedia&parent=304"}],"wp:term":[{"taxonomy":"category","embeddable":true,"href":"http:\/\/lana-savettiere.com\/index.php?rest_route=%2Fwp%2Fv2%2Fcategories&post=304"},{"taxonomy":"post_tag","embeddable":true,"href":"http:\/\/lana-savettiere.com\/index.php?rest_route=%2Fwp%2Fv2%2Ftags&post=304"}],"curies":[{"name":"wp","href":"https:\/\/api.w.org\/{rel}","templated":true}]}}